{"id":165,"date":"2012-10-31T17:05:29","date_gmt":"2012-10-31T16:05:29","guid":{"rendered":"http:\/\/tipilsen.cz\/?p=165"},"modified":"2013-03-22T12:43:02","modified_gmt":"2013-03-22T11:43:02","slug":"management-of-the-european-capital-of-culture-ehmk-project-welcomes-the-tip-initiative","status":"publish","type":"post","link":"https:\/\/tipilsen.cz\/CS\/2012\/10\/management-of-the-european-capital-of-culture-ehmk-project-welcomes-the-tip-initiative\/","title":{"rendered":"Veden\u00ed projektu Evropsk\u00e9 hlavn\u00ed m\u011bsto kultury (EHMK) v\u00edt\u00e1 iniciativu TIP"},"content":{"rendered":"<p><\/p>\n<p style=\"text-align: justify;\">Dne 31.10.2012 prob\u011bhl rozhovor mezi Gener\u00e1ln\u00edm sekret\u00e1\u0159em Pavlem Duchkem a \u0159editelem Plzn\u011b 2015, Tom\u00e1\u0161em Froydou. Mr. Duchek informoval veden\u00ed EHMK o z\u00e1m\u011bru sdru\u017een\u00ed zapojit se do projektu Plze\u0148 2015. Mr. Foyda tuto iniciativu uv\u00edtal a p\u0159isl\u00edbil spolupr\u00e1ci.<\/p>\n<p><\/p>","protected":false},"excerpt":{"rendered":"<p>Dne 31.10.2012 prob\u011bhl rozhovor mezi Gener\u00e1ln\u00edm sekret\u00e1\u0159em Pavlem Duchkem a \u0159editelem Plzn\u011b 2015, Tom\u00e1\u0161em Froydou. Mr. Duchek informoval veden\u00ed EHMK o z\u00e1m\u011bru sdru\u017een\u00ed zapojit se do projektu Plze\u0148 2015. Mr. Foyda tuto iniciativu uv\u00edtal a p\u0159isl\u00edbil spolupr\u00e1ci.<\/p>\n","protected":false},"author":3,"featured_media":0,"comment_status":"closed","ping_status":"open","sticky":false,"template":"","format":"standard","meta":{"footnotes":""},"categories":[4],"tags":[],"class_list":["post-165","post","type-post","status-publish","format-standard","hentry","category-news"],"_links":{"self":[{"href":"https:\/\/tipilsen.cz\/CS\/wp-json\/wp\/v2\/posts\/165","targetHints":{"allow":["GET"]}}],"collection":[{"href":"https:\/\/tipilsen.cz\/CS\/wp-json\/wp\/v2\/posts"}],"about":[{"href":"https:\/\/tipilsen.cz\/CS\/wp-json\/wp\/v2\/types\/post"}],"author":[{"embeddable":true,"href":"https:\/\/tipilsen.cz\/CS\/wp-json\/wp\/v2\/users\/3"}],"replies":[{"embeddable":true,"href":"https:\/\/tipilsen.cz\/CS\/wp-json\/wp\/v2\/comments?post=165"}],"version-history":[{"count":3,"href":"https:\/\/tipilsen.cz\/CS\/wp-json\/wp\/v2\/posts\/165\/revisions"}],"predecessor-version":[{"id":275,"href":"https:\/\/tipilsen.cz\/CS\/wp-json\/wp\/v2\/posts\/165\/revisions\/275"}],"wp:attachment":[{"href":"https:\/\/tipilsen.cz\/CS\/wp-json\/wp\/v2\/media?parent=165"}],"wp:term":[{"taxonomy":"category","embeddable":true,"href":"https:\/\/tipilsen.cz\/CS\/wp-json\/wp\/v2\/categories?post=165"},{"taxonomy":"post_tag","embeddable":true,"href":"https:\/\/tipilsen.cz\/CS\/wp-json\/wp\/v2\/tags?post=165"}],"curies":[{"name":"wp","href":"https:\/\/api.w.org\/{rel}","templated":true}]}}