{"id":1584,"date":"2021-11-08T08:19:32","date_gmt":"2021-11-08T07:19:32","guid":{"rendered":"https:\/\/tipilsen.cz\/?p=1584"},"modified":"2021-11-08T08:27:21","modified_gmt":"2021-11-08T07:27:21","slug":"czech-space-for-clusters","status":"publish","type":"post","link":"https:\/\/tipilsen.cz\/CS\/2021\/11\/czech-space-for-clusters\/","title":{"rendered":"Space for Clusters"},"content":{"rendered":"<p><img loading=\"lazy\" decoding=\"async\" class=\"alignnone wp-image-1585\" src=\"https:\/\/tipilsen.cz\/wp-content\/uploads\/Space-EN-300x112.png\" alt=\"\" width=\"345\" height=\"129\" srcset=\"https:\/\/tipilsen.cz\/wp-content\/uploads\/Space-EN-300x112.png 300w, https:\/\/tipilsen.cz\/wp-content\/uploads\/Space-EN-1024x382.png 1024w, https:\/\/tipilsen.cz\/wp-content\/uploads\/Space-EN-150x56.png 150w, https:\/\/tipilsen.cz\/wp-content\/uploads\/Space-EN-768x286.png 768w, https:\/\/tipilsen.cz\/wp-content\/uploads\/Space-EN.png 1349w\" sizes=\"auto, (max-width: 345px) 100vw, 345px\" \/><\/p>\n<p>Dovolujeme si V\u00e1s pozvat na unik\u00e1tn\u00ed koncept akce s n\u00e1zvem <strong><u>\u201eSpace for Clusters\u201c,<\/u><\/strong><u>\u00a0<\/u>kter\u00e1 se uskute\u010dn\u00ed\u00a0<strong>11. 11. 2021 v\u00a011 hodin<\/strong>\u00a0<strong>v\u00a0hotelu Passage v\u00a0Brn\u011b.<\/strong><\/p>\n<p>\u010cek\u00e1 V\u00e1s:<\/p>\n<ul>\n<li>Nast\u00edn\u011bn\u00ed p\u0159\u00edle\u017eitost\u00ed, kter\u00e9 kosmick\u00fd pr\u016fmysl nab\u00edz\u00ed pro i nekosmick\u00e9 subjekty<\/li>\n<li>P\u0159edstaven\u00ed z\u00e1stupc\u016f klastr\u016f, kte\u0159\u00ed s kosmick\u00fdm pr\u016fmyslem maj\u00ed co do \u010din\u011bn\u00ed<\/li>\n<li>P\u0159edstaven\u00ed zaj\u00edmav\u00fdch firem, kter\u00e9 se z p\u016fvodn\u011b nekosmick\u00fdch obor\u016f do kosmick\u00e9ho sektoru ji\u017e rekrutovali<\/li>\n<li>M\u016f\u017eete proniknout do tajemstv\u00ed dodavatelsk\u00fdch \u0159et\u011bzc\u016f a pokus\u00edme se nal\u00e9zt cesty pro propojen\u00ed zd\u00e1nliv\u011b rozd\u00edln\u00fdch byznys\u016f.<\/li>\n<li>Interaktivn\u00ed diskuze, kter\u00e1 by m\u011bla b\u00fdt kl\u00ed\u010dem k hled\u00e1n\u00ed nov\u00fdch p\u0159\u00edle\u017eitost\u00ed.<\/li>\n<li>Skv\u011bl\u00fd zdroj networkingu.<\/li>\n<\/ul>\n<p>Akce se kon\u00e1 v\u00a0r\u00e1mci\u00a0<strong>Central Europe Industry Day<\/strong>, na kter\u00fd V\u00e1s tak\u00e9 srde\u010dn\u011b zveme. T\u00e9to akce se budou \u00fa\u010dastnit i v\u00fdznamn\u00ed z\u00e1stupci Evropsk\u00e9 kosmick\u00e9 agentury a dal\u0161\u00edch instituc\u00ed.<\/p>\n<p>Pro Va\u0161i \u00fa\u010dast na akci\u00a0<strong>\u201eSpace for Clusters\u201c<\/strong>\u00a0\u00a0se registrujte na\u00a0<a href=\"https:\/\/central-europe-space-industry-day.b2match.io\/\"><strong>https:\/\/central-europe-space-industry-day.b2match.io\/<\/strong><\/a><strong>\u00a0<\/strong>a v r\u00e1mci registrace se p\u0159ihlaste na tento doprovodn\u00fd program. Zde si m\u016f\u017eete napl\u00e1novat konkr\u00e9tn\u00ed meetingy s\u00a0firmami z\u00a0\u010cR i okoln\u00edch st\u00e1t\u016f.Pokud V\u00e1s zaujme i dal\u0161\u00ed program, kter\u00fd pr\u016fmyslov\u00fd den nab\u00edz\u00ed, nev\u00e1hejte se na n\u011bj t\u00e9\u017e zaregistrovat.<\/p>","protected":false},"excerpt":{"rendered":"<p>Dovolujeme si V\u00e1s pozvat na unik\u00e1tn\u00ed koncept akce s n\u00e1zvem \u201eSpace for Clusters\u201c,\u00a0kter\u00e1 se uskute\u010dn\u00ed\u00a011. 11. 2021 v\u00a011 hodin\u00a0v\u00a0hotelu Passage v\u00a0Brn\u011b. \u010cek\u00e1 V\u00e1s: Nast\u00edn\u011bn\u00ed p\u0159\u00edle\u017eitost\u00ed, kter\u00e9 kosmick\u00fd pr\u016fmysl nab\u00edz\u00ed pro i nekosmick\u00e9 subjekty P\u0159edstaven\u00ed z\u00e1stupc\u016f klastr\u016f, kte\u0159\u00ed s kosmick\u00fdm pr\u016fmyslem &hellip; <a href=\"https:\/\/tipilsen.cz\/CS\/2021\/11\/czech-space-for-clusters\/\">Cel\u00fd p\u0159\u00edsp\u011bvek <span class=\"meta-nav\">&rarr;<\/span><\/a><\/p>\n","protected":false},"author":10,"featured_media":0,"comment_status":"closed","ping_status":"open","sticky":false,"template":"","format":"standard","meta":{"footnotes":""},"categories":[4],"tags":[],"class_list":["post-1584","post","type-post","status-publish","format-standard","hentry","category-news"],"_links":{"self":[{"href":"https:\/\/tipilsen.cz\/CS\/wp-json\/wp\/v2\/posts\/1584","targetHints":{"allow":["GET"]}}],"collection":[{"href":"https:\/\/tipilsen.cz\/CS\/wp-json\/wp\/v2\/posts"}],"about":[{"href":"https:\/\/tipilsen.cz\/CS\/wp-json\/wp\/v2\/types\/post"}],"author":[{"embeddable":true,"href":"https:\/\/tipilsen.cz\/CS\/wp-json\/wp\/v2\/users\/10"}],"replies":[{"embeddable":true,"href":"https:\/\/tipilsen.cz\/CS\/wp-json\/wp\/v2\/comments?post=1584"}],"version-history":[{"count":2,"href":"https:\/\/tipilsen.cz\/CS\/wp-json\/wp\/v2\/posts\/1584\/revisions"}],"predecessor-version":[{"id":1587,"href":"https:\/\/tipilsen.cz\/CS\/wp-json\/wp\/v2\/posts\/1584\/revisions\/1587"}],"wp:attachment":[{"href":"https:\/\/tipilsen.cz\/CS\/wp-json\/wp\/v2\/media?parent=1584"}],"wp:term":[{"taxonomy":"category","embeddable":true,"href":"https:\/\/tipilsen.cz\/CS\/wp-json\/wp\/v2\/categories?post=1584"},{"taxonomy":"post_tag","embeddable":true,"href":"https:\/\/tipilsen.cz\/CS\/wp-json\/wp\/v2\/tags?post=1584"}],"curies":[{"name":"wp","href":"https:\/\/api.w.org\/{rel}","templated":true}]}}