{"id":142,"date":"2012-03-27T16:07:39","date_gmt":"2012-03-27T14:07:39","guid":{"rendered":"http:\/\/tipilsen.cz\/?p=142"},"modified":"2013-03-21T17:07:13","modified_gmt":"2013-03-21T16:07:13","slug":"representatives-of-tip-attended-the-opening-ceremony-of-the-new-hall-of-evobus-bohemia","status":"publish","type":"post","link":"https:\/\/tipilsen.cz\/CS\/2012\/03\/representatives-of-tip-attended-the-opening-ceremony-of-the-new-hall-of-evobus-bohemia\/","title":{"rendered":"Z\u00e1stupci sdru\u017een\u00ed TIP nav\u0161t\u00edvili slavnostn\u00ed otev\u0159en\u00ed nov\u00e9 haly spole\u010dnosti EvoBus Bohemia"},"content":{"rendered":"<p><\/p>\n<p style=\"text-align: justify;\">Spole\u010dnost EvoBus otev\u0159ela novou v\u00fdrobn\u00ed halu dne 26. kv\u011btna 2012 v\u00a0Hol\u00fd\u0161ov\u011b. N\u00e1klady na v\u00fdstavbu haly \u010dinily v\u00edce jak 5,4 mil. Euro a jej\u00ed stavba trvala 12 m\u011bs\u00edc\u016f. Rozloha haly je 5\u00a0600 metr\u016f \u010dtvere\u010dn\u00edch. Z\u00e1stupci sdru\u017een\u00ed TIP vyu\u017eili t\u00e9to p\u0159\u00edle\u017eitosti k\u00a0prezentaci sdru\u017een\u00ed.<\/p>\n<p style=\"text-align: justify;\">B\u011bhem slavnostn\u00edho ceremoni\u00e1lu pan Andreas Peter, \u0159editel v\u00fdrobn\u00ed a engineeringov\u00e9 asociace EvoBus GmbH a pan Axel Stokinger, jednatel spole\u010dnosti EvoBus Bohemia p\u0159edal symbolick\u00fd kl\u00ed\u010d od nov\u00e9 haly \u0159editeli v\u00fdrobn\u00edho z\u00e1vodu v\u00a0Hol\u00fd\u0161ov\u011b panu Reiner Springmeier. Ceremoni\u00e1lu se tak\u00e9 z\u00fa\u010dastnil starosta m\u011bsta Hol\u00fd\u0161ova pan Anton\u00edn Pazour.<\/p>\n<p style=\"text-align: justify;\">P\u0159i t\u00e9to p\u0159\u00edle\u017eitosti byly prezentov\u00e1ny p\u0159\u00edklady nov\u00fdch technologi\u00ed skupiny Daimler AG, nap\u0159. nov\u00fd model m\u011bstsk\u00e9ho autobusu Mercedes-Benz Citaro C2, transport\u00e9r s\u00a0elektrick\u00fdm pohonem Mercedes-Benz eVito, nov\u00fd taha\u010d Actros, off-roadov\u00fd n\u00e1kladn\u00ed automobil Zetros a osobn\u00ed vozidlo t\u0159\u00eddy S\u00a0s\u00a0hybridn\u00edm pohonem.<\/p>\n<p><\/p>","protected":false},"excerpt":{"rendered":"<p>Spole\u010dnost EvoBus otev\u0159ela novou v\u00fdrobn\u00ed halu dne 26. kv\u011btna 2012 v\u00a0Hol\u00fd\u0161ov\u011b. N\u00e1klady na v\u00fdstavbu haly \u010dinily v\u00edce jak 5,4 mil. Euro a jej\u00ed stavba trvala 12 m\u011bs\u00edc\u016f. Rozloha haly je 5\u00a0600 metr\u016f \u010dtvere\u010dn\u00edch. Z\u00e1stupci sdru\u017een\u00ed TIP vyu\u017eili t\u00e9to p\u0159\u00edle\u017eitosti k\u00a0prezentaci &hellip; <a href=\"https:\/\/tipilsen.cz\/CS\/2012\/03\/representatives-of-tip-attended-the-opening-ceremony-of-the-new-hall-of-evobus-bohemia\/\">Cel\u00fd p\u0159\u00edsp\u011bvek <span class=\"meta-nav\">&rarr;<\/span><\/a><\/p>\n","protected":false},"author":3,"featured_media":0,"comment_status":"closed","ping_status":"open","sticky":false,"template":"","format":"standard","meta":{"footnotes":""},"categories":[4],"tags":[],"class_list":["post-142","post","type-post","status-publish","format-standard","hentry","category-news"],"_links":{"self":[{"href":"https:\/\/tipilsen.cz\/CS\/wp-json\/wp\/v2\/posts\/142","targetHints":{"allow":["GET"]}}],"collection":[{"href":"https:\/\/tipilsen.cz\/CS\/wp-json\/wp\/v2\/posts"}],"about":[{"href":"https:\/\/tipilsen.cz\/CS\/wp-json\/wp\/v2\/types\/post"}],"author":[{"embeddable":true,"href":"https:\/\/tipilsen.cz\/CS\/wp-json\/wp\/v2\/users\/3"}],"replies":[{"embeddable":true,"href":"https:\/\/tipilsen.cz\/CS\/wp-json\/wp\/v2\/comments?post=142"}],"version-history":[{"count":3,"href":"https:\/\/tipilsen.cz\/CS\/wp-json\/wp\/v2\/posts\/142\/revisions"}],"predecessor-version":[{"id":264,"href":"https:\/\/tipilsen.cz\/CS\/wp-json\/wp\/v2\/posts\/142\/revisions\/264"}],"wp:attachment":[{"href":"https:\/\/tipilsen.cz\/CS\/wp-json\/wp\/v2\/media?parent=142"}],"wp:term":[{"taxonomy":"category","embeddable":true,"href":"https:\/\/tipilsen.cz\/CS\/wp-json\/wp\/v2\/categories?post=142"},{"taxonomy":"post_tag","embeddable":true,"href":"https:\/\/tipilsen.cz\/CS\/wp-json\/wp\/v2\/tags?post=142"}],"curies":[{"name":"wp","href":"https:\/\/api.w.org\/{rel}","templated":true}]}}